{"id":25812,"date":"2016-06-13T05:00:47","date_gmt":"2016-06-13T05:00:47","guid":{"rendered":"https:\/\/www.skwigly.co.uk\/?p=25812"},"modified":"2016-06-20T08:16:47","modified_gmt":"2016-06-20T08:16:47","slug":"franck-dion","status":"publish","type":"post","link":"https:\/\/www.skwigly.co.uk\/franck-dion\/","title":{"rendered":"Interview with Franck Dion (&#8216;The Head Vanishes&#8217;)"},"content":{"rendered":"<p><strong>UPDATE: Franck Dion&#8217;s <a href=\"http:\/\/theheadvanishes.com\"><em>The Head Vanishes<\/em><\/a> recently <a href=\"https:\/\/www.skwigly.co.uk\/annecy-2016-awards\/\">won the Short Film Cristal<\/a> at this year&#8217;s <a href=\"http:\/\/annecy.org\">Annecy International Festival of Animated Film<\/a>!<\/strong><br \/>\n<strong><img loading=\"lazy\" decoding=\"async\" class=\"alignleft size-full wp-image-25903\" src=\"https:\/\/www.skwigly.co.uk\/wp-content\/uploads\/2016\/06\/franckdion.jpg\" alt=\"franckdion\" width=\"250\" height=\"338\" \/><em>Following a firmly-established and much-celebrated filmography that includes the multi-award winning shorts <\/em><a href=\"https:\/\/vimeo.com\/87558099\">The Phantom Inventory<\/a><em> (2006), <\/em><a href=\"https:\/\/vimeo.com\/87492362\">Monsieur Cok<\/a><em> (2008) and the Annecy Special Jury Prize-winning <\/em><a href=\"https:\/\/vimeo.com\/97122568\">Edmond Was A Donkey<\/a><em> (2012), Versaille-born, Paris-based <a href=\"http:\/\/www.franckdion.net\/\">Franck Dion<\/a> returns this month with his latest film <\/em>The Head Vanishes (Une t\u00eate dispara\u00eet)<em>, set to premiere at the<\/em> <em>Annecy Festival this week with upcoming screenings at <a href=\"http:\/\/www.edfilmfest.org.uk\/films\/2016\/international-animation\">EIFF<\/a>, <a href=\"http:\/\/www.naff.ba\/\">NAFF<\/a>, <a href=\"http:\/\/www.bisff.in\/\">BISFF<\/a>, <a href=\"http:\/\/hiff.fi\/en\/\">HIFF<\/a> and <a href=\"http:\/\/festival.curtas.pt\/home-en\/\">Curtas Vila do Conde<\/a> lined up already. In the film (produced by <a href=\"https:\/\/www.skwigly.co.uk\/latest-nfb-animation-producers-named\/\">Julie Roy<\/a> of the <a href=\"http:\/\/nfb.ca\">NFB<\/a> and H\u00e9l\u00e8ne Vayssi\u00e8res of <a href=\"http:\/\/www.arte.tv\">Arte<\/a> in collaboration with Franck&#8217;s own studio <a href=\"http:\/\/www.papy3d.com\">Papy3D<\/a>) we meet Jacqueline, a woman in the autumn of her years determined to make her yearly trip to the seaside. Impeding her journey is a mysterious younger woman who insists that Jacqueline is her mother, unrelentingly following her despite being a complete stranger. What ensues is an assortment of touching and fantastical visual scenarios, depicting a sometimes-beautiful, sometimes-dangerous world as seen from the perspective of an elderly woman with degenerative dementia. With a rich visual strength that once again marries Franck&#8217;s keen illustrative eye for colour, composition and atmosphere with novel CG animation approaches, <\/em>The Head Vanishes<em> stands out as one of the gems of the Annecy Festival&#8217;s 2016 official selection. We&#8217;re delighted to welcome Franck Dion to Skwigly for the first time and learn more about this profoundly thoughtful film.<\/em><br \/>\n<\/strong><\/p>\n<p><iframe loading=\"lazy\" title=\"The Head Vanishes (Trailer)\" src=\"https:\/\/player.vimeo.com\/video\/164146102?dnt=1&amp;app_id=122963\" width=\"500\" height=\"281\" frameborder=\"0\" allow=\"autoplay; fullscreen; picture-in-picture; clipboard-write; encrypted-media; web-share\" referrerpolicy=\"strict-origin-when-cross-origin\"><\/iframe><\/p>\n<p><strong>For the benefit of myself and our UK readers, I\u2019d love to use the opportunity to learn more about your background. Can you tell us a little bit about the work you have done leading up to this film as well as the path that led you to animation directing (I note in your bio that you studied acting\/theatre, did this have any part to play)?<\/strong><\/p>\n<p>My path was somewhat atypical, because I left school early and never went to art school. My passion for theatre, film and illustration led me to the arts disciplines that I trained in. I worked as an actor in theatre, as an illustrator for the press and for game publishers, I designed theatre sets, and I did animated sequences for documentaries. At the same time, I was writing scripts, with an eye to one day making a film. I met Didier Brunner (the producer of <em>Kirikou<\/em>, <em>The Triplets de Belleville<\/em> and <em>Ernest &amp; Celestine<\/em>) in the late 1990s, and that allowed me to make my first film, <em>The Phantom Inventory<\/em>. I think my training as an actor strongly influenced my interest in the character and his personality.<\/p>\n<p><strong>As for your latest film, <em>The Head Vanishes<\/em>, what led you to the decision to tell this type of story?<\/strong><\/p>\n<p>As so many people unfortunately do, I had to deal with someone close to me living with a neurodegenerative disease. The desire to use that as the subject for a script came to me as a way of paying homage to that losing battle.<\/p>\n<p><iframe loading=\"lazy\" title=\"Edmond was a donkey\" src=\"https:\/\/player.vimeo.com\/video\/97122568?dnt=1&amp;app_id=122963\" width=\"500\" height=\"281\" frameborder=\"0\" allow=\"autoplay; fullscreen; picture-in-picture; clipboard-write; encrypted-media; web-share\" referrerpolicy=\"strict-origin-when-cross-origin\"><\/iframe><\/p>\n<p><strong>The visual style, while unique in terms of design, is perhaps most evocative of your preceding film <em>Edmond Was a Donkey<\/em>. Was using this approach to the CG animation (as opposed to the more asset-based <em>Monsieur Cok<\/em>) always the intention for this project?<\/strong><\/p>\n<p><em>The Head Vanishes<\/em> is about the imagination of someone who is interpreting the world around her. It\u2019s an evanescent vision of things, just like Jacqueline\u2019s memory. I wanted to draw a more malleable environment. There\u2019s a link to my recent illustration work, which deals with gentler, more poetic realms.<\/p>\n<p><strong>Another quality of <em>Edmond<\/em> I\u2019m reminded of is the exploration of mental illness from the sufferer\u2019s perspective, without pulling any punches. Can I ask what has drawn you to this potentially uncomfortable subject matter?<\/strong><\/p>\n<p>With <em>Edmond<\/em>, it was important that I develop the character\u2019s personality and actions rather clinically, so that the discomfort would settle in. People who are out of the ordinary, or actually sick, are greatly misunderstood, and that\u2019s what I wanted to emphasize, while at the same time nurturing a form of empathy for the character. Despite their faults, I hate hating my characters!<\/p>\n<div id=\"attachment_25905\" style=\"width: 560px\" class=\"wp-caption aligncenter\"><a href=\"https:\/\/www.skwigly.co.uk\/wp-content\/uploads\/2016\/06\/dionstill1.jpg\"><img loading=\"lazy\" decoding=\"async\" aria-describedby=\"caption-attachment-25905\" class=\" wp-image-25905\" src=\"https:\/\/www.skwigly.co.uk\/wp-content\/uploads\/2016\/06\/dionstill1-620x264.jpg\" alt=\"The Head Vanishes (Dir. Franck Dion, Papy3D\/NFB\/Arte)\" width=\"550\" height=\"234\" \/><\/a><p id=\"caption-attachment-25905\" class=\"wp-caption-text\"><em>The Head Vanishes<\/em> (Dir. Franck Dion, Papy3D\/NFB\/Arte)<\/p><\/div>\n<p><strong>Your visualization of the main character\u2019s perception of the world and how it is degenerating is very effective. Were the hallucinogenic elements of the film based on research\/real-life accounts at all?<\/strong><\/p>\n<p>The way that the main character Jacqueline\u2019s hallucinations degenerate was partly inspired by descriptions shared with me by someone who suffered from hallucinations and waking dreams that could last for a month at a time. I adapted those descriptions to my own imagination, populated by fish, a train without a locomotive, and chickens.<\/p>\n<p><strong>I\u2019m also fond of the story-within-the-story about the chicken. Where did this originate from?<\/strong><\/p>\n<p>The headless chicken story came from an early-20th-century legend about an American farmer who chopped the head off a chicken, except the bird survived and became a circus sideshow attraction! For someone like me who\u2019s obsessed by fowl (I always put one or more in my films and in a lot of my illustrations), the opportunity was too good to pass up!<\/p>\n<div id=\"attachment_25906\" style=\"width: 560px\" class=\"wp-caption aligncenter\"><a href=\"https:\/\/www.skwigly.co.uk\/wp-content\/uploads\/2016\/06\/dionstill2.jpg\"><img loading=\"lazy\" decoding=\"async\" aria-describedby=\"caption-attachment-25906\" class=\" wp-image-25906\" src=\"https:\/\/www.skwigly.co.uk\/wp-content\/uploads\/2016\/06\/dionstill2-620x264.jpg\" alt=\"The Head Vanishes (Dir. Franck Dion, Papy3D\/NFB\/Arte)\" width=\"550\" height=\"234\" \/><\/a><p id=\"caption-attachment-25906\" class=\"wp-caption-text\"><em>The Head Vanishes<\/em> (Dir. Franck Dion, Papy3D\/NFB\/Arte)<\/p><\/div>\n<p><strong>Your previous films have all been very densely illustrated\/populated, whereas in this film there\u2019s a real sense of open space for the most part. It served as a very strong means of conveying the isolation of the main character; was this a deliberate choice?<\/strong><\/p>\n<p>I wanted the film to be uncluttered graphically, to accentuate the sense of isolation felt by the main character, who moves in this sort of limbo populated by figments of her imagination. I also wanted the visuals to be fairly gentle and cuddly, to soften the violence of the situation that the two characters are experiencing.<\/p>\n<p><strong>I\u2019m very enamoured of your approach to colour and lighting. Do you have any major influences (artistic\/cinematic) when it comes to the haunting, desaturated look of your films?<\/strong><\/p>\n<p>I very much admire the paintings of Hieronymus Bosch, Francis Bacon and Francisco Goya. In cinema and photography, I\u2019m fond of the aesthetics in films by Roy Andersson, Stanley Kubrick and Orson Welles. Photographers I like include Henri Cartier-Bresson, Richard Avedon, Diane Arbus and Eug\u00e8ne Atget; I\u2019m very moved by their work.<\/p>\n<p><strong>In the past we\u2019ve spoken with fellow Papy3D talents <a href=\"https:\/\/www.skwigly.co.uk\/sarah-van-den-boom\">Sarah Van den Boom<\/a> and <a href=\"https:\/\/www.skwigly.co.uk\/jeremy-clapin\">J\u00e9r\u00e9my Clapin<\/a>. Can you describe how you all came to know one another\u2019s work and what your general role is at the studio?<\/strong><\/p>\n<p>Papy3D was founded 10 or so years ago when Richard van den Boom, Sarah\u2019s husband, suggested that we start up a production company in which we\u2019d be partners. Besides Sarah and Jeremy Clapin, the company includes director Gilles Cuvelier and composer Pierre Caillet. My role in Papy3D is to be the producer of my own films, which by itself is quite a bit of work.<\/p>\n<div id=\"attachment_25907\" style=\"width: 560px\" class=\"wp-caption aligncenter\"><a href=\"https:\/\/www.skwigly.co.uk\/wp-content\/uploads\/2016\/06\/dionstill3.jpg\"><img loading=\"lazy\" decoding=\"async\" aria-describedby=\"caption-attachment-25907\" class=\" wp-image-25907\" src=\"https:\/\/www.skwigly.co.uk\/wp-content\/uploads\/2016\/06\/dionstill3-620x264.jpg\" alt=\"The Head Vanishes (Dir. Franck Dion, Papy3D\/NFB\/Arte)\" width=\"550\" height=\"234\" \/><\/a><p id=\"caption-attachment-25907\" class=\"wp-caption-text\"><em>The Head Vanishes<\/em> (Dir. Franck Dion, Papy3D\/NFB\/Arte)<\/p><\/div>\n<p><strong>The film again uses the music of Pierre Caillet, with whom you\u2019ve collaborated for several films now. Can you tell us how your working relationship began and how you work together?<\/strong><\/p>\n<p>Pierre and I have known each other for about 15 years now. With our working method, we often start well ahead of the production stage; before the scriptwriting is finished, even. I tell him what I want, using clips of existing music, and we talk. Then Pierre works up maquettes that serve as guide tracks for the final score.<\/p>\n<p><strong>Papy3D have been collaborating with the NFB for some years now. How did you come across one another and how has their involvement benefited the films?<\/strong><\/p>\n<p>During production of my previous film, <em>Edmond Was a Donkey<\/em>, H\u00e9l\u00e8ne Vaysierres, who\u2019s head of short-film programming at ARTE, introduced me to Julie Roy, a producer at the NFB. We just clicked, right away. The NFB came on board as co-producer, handling all the sound for the film. That\u2019s how I had the opportunity to work with such talented people as Pierre Yves Drapeau for the sound design, Lise Wedlock for the sound FX, and Serge Boivin for the mixing. This same team handled the sound for <em>The Head Vanishes<\/em>.<\/p>\n<p><iframe loading=\"lazy\" title=\"L&#039;inventaire fant\u00f4me - The phantom inventory\" src=\"https:\/\/player.vimeo.com\/video\/87558099?dnt=1&amp;app_id=122963\" width=\"500\" height=\"282\" frameborder=\"0\" allow=\"autoplay; fullscreen; picture-in-picture; clipboard-write; encrypted-media; web-share\" referrerpolicy=\"strict-origin-when-cross-origin\"><\/iframe><\/p>\n<p><strong>You made your film <em>The Phantom Inventory<\/em> using stop-motion to great effect. Is this a medium you would ever plan to return to?<\/strong><\/p>\n<p>Right now I\u2019m working on writing a 52-minute TV special that is going to use a blend of built miniature sets and characters created using both digital and paper cut-out animation. It\u2019s going to be a very baroque world, similar to that of <em>The Phantom Inventory<\/em>.<\/p>\n<p><strong>You created some magnificent visuals for the <a href=\"https:\/\/www.skwigly.co.uk\/annecy-reveals-2014-poster\/\">Annecy 2014 branding<\/a>. Is illustration and design still a big part of your creative output? <\/strong><\/p>\n<p>I love illustration; it\u2019s a huge part of my creative process. I occasionally do illustrations for games, like for example <em>DIXIT 5: Daydreams<\/em> two years ago. When I have the time, I like posting new drawings to my <a href=\"http:\/\/www.facebook.com\/voimfranckdion\">Facebook page<\/a>, just for the fun of it. And I may well do a book of my illustration work someday.<\/p>\n<p><strong>What plans\/projects does the future hold?<\/strong><\/p>\n<p>I\u2019m working on the writing and development of an interactive app for tablets in collaboration with the NFB and <a href=\"http:\/\/akufen.ca\/\">Akufen<\/a>, a Canadian studio. I\u2019m also working on the script for a TV special.<\/p>\n<p><strong>The Head Vanishes<\/strong><em><strong> screens as part of <a href=\"http:\/\/www.annecy.org\">Annecy 2016<\/a>&#8216;s <a href=\"http:\/\/www.annecy.org\/festival:en\/official-selection\/film-index:rdv-200001500062\">Short Films in Competition 3<\/a>, playing at:<\/strong><\/em><\/p>\n<ul>\n<li><strong>13\/06\/2016 &#8211; 18:30, MJC Novel<\/strong><\/li>\n<li><strong>14\/06\/2016 &#8211; 16:30, La Turbine<\/strong><\/li>\n<li><strong>14\/06\/2016 &#8211; 20:30, Cin\u00e9ma Path\u00e9 Path\u00e9 1<\/strong><\/li>\n<li><strong>15\/06\/2016 &#8211; 10:00, Cin\u00e9ma Path\u00e9 Path\u00e9 1<\/strong><\/li>\n<li><strong>15\/06\/2016 &#8211; 14:00, Bonlieu Grande salle<\/strong><\/li>\n<li><strong>15\/06\/2016 &#8211; 18:00, Bonlieu Grande salle<\/strong><\/li>\n<li><strong>17\/06\/2016 &#8211; 16:00, Cin\u00e9ma Path\u00e9 Path\u00e9 1<\/strong><\/li>\n<li><strong>18\/06\/2016 &#8211; 18:00, Cin\u00e9ma Path\u00e9 Path\u00e9 1<\/strong><\/li>\n<\/ul>\n<p><em><strong>The film will also screening the following Tuesday (21st) at <a href=\"http:\/\/www.edfilmfest.org.uk\/films\/2016\/international-animation\">EIFF<\/a>, 4:15pm Filmhouse 1<br \/>\nFor more of Franck Dion&#8217;s work visit <a href=\"http:\/\/www.franckdion.net\/\"><cite class=\"_Rm\">franckdion.net<\/cite><\/a><\/strong><\/em><\/p>\n","protected":false},"excerpt":{"rendered":"<p>UPDATE: Franck Dion&#8217;s The Head Vanishes recently won the Short Film Cristal at this year&#8217;s Annecy International Festival of Animated Film! Following a firmly-established and much-celebrated filmography that includes the multi-award winning shorts The Phantom Inventory (2006), Monsieur Cok (2008) and the Annecy Special Jury Prize-winning Edmond Was A Donkey (2012), Versaille-born, Paris-based Franck Dion [&hellip;]<\/p>\n","protected":false},"author":114,"featured_media":25902,"comment_status":"open","ping_status":"open","sticky":false,"template":"","format":"standard","meta":{"_acf_changed":false,"jetpack_post_was_ever_published":false,"_jetpack_newsletter_access":"","_jetpack_dont_email_post_to_subs":false,"_jetpack_newsletter_tier_id":0,"_jetpack_memberships_contains_paywalled_content":false,"_jetpack_memberships_contains_paid_content":false,"footnotes":"","jetpack_publicize_message":"","jetpack_publicize_feature_enabled":true,"jetpack_social_post_already_shared":true,"jetpack_social_options":{"image_generator_settings":{"template":"highway","default_image_id":0,"font":"","enabled":false},"version":2}},"categories":[247,755],"tags":[1786,1657,1456,4158,3836,4156,3007,4157,4159],"class_list":["post-25812","post","type-post","status-publish","format-standard","has-post-thumbnail","hentry","category-featured","category-interviews","tag-edmond-was-a-donkey","tag-franck-dion","tag-jeremy-clapin","tag-monsieur-cok","tag-papy3d","tag-pierre-caillet","tag-sarah-van-den-boom","tag-the-head-vanishes","tag-the-phantom-inventory"],"acf":[],"yoast_head":"<!-- This site is optimized with the Yoast SEO plugin v26.6 - https:\/\/yoast.com\/wordpress\/plugins\/seo\/ -->\n<title>Interview with Franck Dion (&#039;The Head Vanishes&#039;) - Skwigly Animation Magazine<\/title>\n<meta name=\"description\" content=\"UPDATE: Franck Dion&#039;s The Head Vanishes recently won the Short Film Cristal at this year&#039;s Annecy International Festival of Animated Film! Following a\" \/>\n<meta name=\"robots\" content=\"index, follow, max-snippet:-1, max-image-preview:large, max-video-preview:-1\" \/>\n<link rel=\"canonical\" href=\"https:\/\/www.skwigly.co.uk\/franck-dion\/\" \/>\n<meta property=\"og:locale\" content=\"en_GB\" \/>\n<meta property=\"og:type\" content=\"article\" \/>\n<meta property=\"og:title\" content=\"Interview with Franck Dion (&#039;The Head Vanishes&#039;) - Skwigly Animation Magazine\" \/>\n<meta property=\"og:description\" content=\"UPDATE: Franck Dion&#039;s The Head Vanishes recently won the Short Film Cristal at this year&#039;s Annecy International Festival of Animated Film! Following a\" \/>\n<meta property=\"og:url\" content=\"https:\/\/www.skwigly.co.uk\/franck-dion\/\" \/>\n<meta property=\"og:site_name\" content=\"Skwigly Animation Magazine\" \/>\n<meta property=\"article:publisher\" content=\"https:\/\/www.facebook.com\/SkwiglyMagazine\" \/>\n<meta property=\"article:author\" content=\"https:\/\/www.facebook.com\/benmitchellcreative\" \/>\n<meta property=\"article:published_time\" content=\"2016-06-13T05:00:47+00:00\" \/>\n<meta property=\"article:modified_time\" content=\"2016-06-20T08:16:47+00:00\" \/>\n<meta property=\"og:image\" content=\"https:\/\/www.skwigly.co.uk\/wp-content\/uploads\/2016\/06\/dionfeat.jpg\" \/>\n\t<meta property=\"og:image:width\" content=\"1440\" \/>\n\t<meta property=\"og:image:height\" content=\"810\" \/>\n\t<meta property=\"og:image:type\" content=\"image\/jpeg\" \/>\n<meta name=\"author\" content=\"Ben Mitchell\" \/>\n<meta name=\"twitter:card\" content=\"summary_large_image\" \/>\n<meta name=\"twitter:creator\" content=\"@benlmitchell\" \/>\n<meta name=\"twitter:site\" content=\"@skwigly\" \/>\n<meta name=\"twitter:label1\" content=\"Written by\" \/>\n\t<meta name=\"twitter:data1\" content=\"Ben Mitchell\" \/>\n\t<meta name=\"twitter:label2\" content=\"Estimated reading time\" \/>\n\t<meta name=\"twitter:data2\" content=\"9 minutes\" \/>\n<script type=\"application\/ld+json\" class=\"yoast-schema-graph\">{\"@context\":\"https:\/\/schema.org\",\"@graph\":[{\"@type\":\"Article\",\"@id\":\"https:\/\/www.skwigly.co.uk\/franck-dion\/#article\",\"isPartOf\":{\"@id\":\"https:\/\/www.skwigly.co.uk\/franck-dion\/\"},\"author\":{\"name\":\"Ben Mitchell\",\"@id\":\"https:\/\/www.skwigly.co.uk\/#\/schema\/person\/1e6e798460447114f19c1571ef3acb08\"},\"headline\":\"Interview with Franck Dion (&#8216;The Head Vanishes&#8217;)\",\"datePublished\":\"2016-06-13T05:00:47+00:00\",\"dateModified\":\"2016-06-20T08:16:47+00:00\",\"mainEntityOfPage\":{\"@id\":\"https:\/\/www.skwigly.co.uk\/franck-dion\/\"},\"wordCount\":1714,\"commentCount\":1,\"publisher\":{\"@id\":\"https:\/\/www.skwigly.co.uk\/#organization\"},\"image\":{\"@id\":\"https:\/\/www.skwigly.co.uk\/franck-dion\/#primaryimage\"},\"thumbnailUrl\":\"https:\/\/www.skwigly.co.uk\/wp-content\/uploads\/2016\/06\/dionfeat.jpg\",\"keywords\":[\"Edmond Was A Donkey\",\"Franck Dion\",\"Jeremy Clapin\",\"Monsieur Cok\",\"Papy3D\",\"Pierre Caillet\",\"Sarah Van den Boom\",\"The Head Vanishes\",\"The Phantom Inventory\"],\"articleSection\":[\"Featured\",\"Interviews\"],\"inLanguage\":\"en-GB\",\"potentialAction\":[{\"@type\":\"CommentAction\",\"name\":\"Comment\",\"target\":[\"https:\/\/www.skwigly.co.uk\/franck-dion\/#respond\"]}]},{\"@type\":\"WebPage\",\"@id\":\"https:\/\/www.skwigly.co.uk\/franck-dion\/\",\"url\":\"https:\/\/www.skwigly.co.uk\/franck-dion\/\",\"name\":\"Interview with Franck Dion ('The Head Vanishes') - Skwigly Animation Magazine\",\"isPartOf\":{\"@id\":\"https:\/\/www.skwigly.co.uk\/#website\"},\"primaryImageOfPage\":{\"@id\":\"https:\/\/www.skwigly.co.uk\/franck-dion\/#primaryimage\"},\"image\":{\"@id\":\"https:\/\/www.skwigly.co.uk\/franck-dion\/#primaryimage\"},\"thumbnailUrl\":\"https:\/\/www.skwigly.co.uk\/wp-content\/uploads\/2016\/06\/dionfeat.jpg\",\"datePublished\":\"2016-06-13T05:00:47+00:00\",\"dateModified\":\"2016-06-20T08:16:47+00:00\",\"description\":\"UPDATE: Franck Dion's The Head Vanishes recently won the Short Film Cristal at this year's Annecy International Festival of Animated Film! Following a\",\"breadcrumb\":{\"@id\":\"https:\/\/www.skwigly.co.uk\/franck-dion\/#breadcrumb\"},\"inLanguage\":\"en-GB\",\"potentialAction\":[{\"@type\":\"ReadAction\",\"target\":[\"https:\/\/www.skwigly.co.uk\/franck-dion\/\"]}]},{\"@type\":\"ImageObject\",\"inLanguage\":\"en-GB\",\"@id\":\"https:\/\/www.skwigly.co.uk\/franck-dion\/#primaryimage\",\"url\":\"https:\/\/www.skwigly.co.uk\/wp-content\/uploads\/2016\/06\/dionfeat.jpg\",\"contentUrl\":\"https:\/\/www.skwigly.co.uk\/wp-content\/uploads\/2016\/06\/dionfeat.jpg\",\"width\":1440,\"height\":810},{\"@type\":\"BreadcrumbList\",\"@id\":\"https:\/\/www.skwigly.co.uk\/franck-dion\/#breadcrumb\",\"itemListElement\":[{\"@type\":\"ListItem\",\"position\":1,\"name\":\"Home\",\"item\":\"https:\/\/www.skwigly.co.uk\/\"},{\"@type\":\"ListItem\",\"position\":2,\"name\":\"Interview with Franck Dion (&#8216;The Head Vanishes&#8217;)\"}]},{\"@type\":\"WebSite\",\"@id\":\"https:\/\/www.skwigly.co.uk\/#website\",\"url\":\"https:\/\/www.skwigly.co.uk\/\",\"name\":\"Skwigly Animation Magazine\",\"description\":\"Online Animation Magazine\",\"publisher\":{\"@id\":\"https:\/\/www.skwigly.co.uk\/#organization\"},\"potentialAction\":[{\"@type\":\"SearchAction\",\"target\":{\"@type\":\"EntryPoint\",\"urlTemplate\":\"https:\/\/www.skwigly.co.uk\/?s={search_term_string}\"},\"query-input\":{\"@type\":\"PropertyValueSpecification\",\"valueRequired\":true,\"valueName\":\"search_term_string\"}}],\"inLanguage\":\"en-GB\"},{\"@type\":\"Organization\",\"@id\":\"https:\/\/www.skwigly.co.uk\/#organization\",\"name\":\"Skwigly Animation Magazine\",\"url\":\"https:\/\/www.skwigly.co.uk\/\",\"logo\":{\"@type\":\"ImageObject\",\"inLanguage\":\"en-GB\",\"@id\":\"https:\/\/www.skwigly.co.uk\/#\/schema\/logo\/image\/\",\"url\":\"https:\/\/www.skwigly.co.uk\/wp-content\/uploads\/2017\/06\/facebook-thumb-skwigly.jpg\",\"contentUrl\":\"https:\/\/www.skwigly.co.uk\/wp-content\/uploads\/2017\/06\/facebook-thumb-skwigly.jpg\",\"width\":250,\"height\":250,\"caption\":\"Skwigly Animation Magazine\"},\"image\":{\"@id\":\"https:\/\/www.skwigly.co.uk\/#\/schema\/logo\/image\/\"},\"sameAs\":[\"https:\/\/www.facebook.com\/SkwiglyMagazine\",\"https:\/\/x.com\/skwigly\",\"https:\/\/www.instagram.com\/skwiglyanimation\/\"]},{\"@type\":\"Person\",\"@id\":\"https:\/\/www.skwigly.co.uk\/#\/schema\/person\/1e6e798460447114f19c1571ef3acb08\",\"name\":\"Ben Mitchell\",\"image\":{\"@type\":\"ImageObject\",\"inLanguage\":\"en-GB\",\"@id\":\"https:\/\/www.skwigly.co.uk\/#\/schema\/person\/image\/\",\"url\":\"https:\/\/www.skwigly.co.uk\/wp-content\/uploads\/2016\/06\/Ben-Mitchell_avatar_1466682328-96x96.jpg\",\"contentUrl\":\"https:\/\/www.skwigly.co.uk\/wp-content\/uploads\/2016\/06\/Ben-Mitchell_avatar_1466682328-96x96.jpg\",\"caption\":\"Ben Mitchell\"},\"description\":\"Ben Mitchell is an animator, motion designer, composer, award-winning independent filmmaker and writer\/researcher. As a freelancer he has produced work for WildBrain, CBeebies, Channel 4, Shy Guys, Plymptoons, Animortal, Wonky Films, A Productions, Slurpy Studios and Rumpus to name a few. As an independent director he has produced six multi-award-winning short animated films that have been showcased at over 200 international film and animation festivals including Clermont-Ferrand, BFI London Film Festival, ITFS Stuttgart, Encounters, London International Animation Festival, Pictoplasma, London Short Film Festival and Anima Mundi. Alongside his work in animation production he is an active writer and researcher on the industry through such avenues as the leading UK animation resource Skwigly, for which he is Editor in Chief, and his books 'Independent Animation: Developing, Producing and Distributing Your Animated Films' (2016, second edition published April 2023) and 'Intimate Animation' (2025, co-written with Dr. Laura-Beth Cowley). As an educator he has lectured and tutored at AUB Bournemouth, University of the West of England, University of Gloucestershire and UAL Central Saint Martins. He has also been actively involved in a variety of capacities spanning curation, programming, awards jurying, hosting and panel moderation for such international events as Animafest Zagreb, ITFS Stuttgart, Encounters Film Festival, the British Animation Awards, Manchester Animation Festival, Cardiff Animation Festival, Big Cartoon Festival and Dublin Animation Film Festival.\",\"sameAs\":[\"http:\/\/benmitchellblog.blogspot.com\",\"https:\/\/www.facebook.com\/benmitchellcreative\",\"https:\/\/www.instagram.com\/benlmitchell\/\",\"https:\/\/x.com\/benlmitchell\"],\"url\":\"https:\/\/www.skwigly.co.uk\/author\/ben\/\"}]}<\/script>\n<!-- \/ Yoast SEO plugin. -->","yoast_head_json":{"title":"Interview with Franck Dion ('The Head Vanishes') - Skwigly Animation Magazine","description":"UPDATE: Franck Dion's The Head Vanishes recently won the Short Film Cristal at this year's Annecy International Festival of Animated Film! Following a","robots":{"index":"index","follow":"follow","max-snippet":"max-snippet:-1","max-image-preview":"max-image-preview:large","max-video-preview":"max-video-preview:-1"},"canonical":"https:\/\/www.skwigly.co.uk\/franck-dion\/","og_locale":"en_GB","og_type":"article","og_title":"Interview with Franck Dion ('The Head Vanishes') - Skwigly Animation Magazine","og_description":"UPDATE: Franck Dion's The Head Vanishes recently won the Short Film Cristal at this year's Annecy International Festival of Animated Film! Following a","og_url":"https:\/\/www.skwigly.co.uk\/franck-dion\/","og_site_name":"Skwigly Animation Magazine","article_publisher":"https:\/\/www.facebook.com\/SkwiglyMagazine","article_author":"https:\/\/www.facebook.com\/benmitchellcreative","article_published_time":"2016-06-13T05:00:47+00:00","article_modified_time":"2016-06-20T08:16:47+00:00","og_image":[{"width":1440,"height":810,"url":"https:\/\/www.skwigly.co.uk\/wp-content\/uploads\/2016\/06\/dionfeat.jpg","type":"image\/jpeg"}],"author":"Ben Mitchell","twitter_card":"summary_large_image","twitter_creator":"@benlmitchell","twitter_site":"@skwigly","twitter_misc":{"Written by":"Ben Mitchell","Estimated reading time":"9 minutes"},"schema":{"@context":"https:\/\/schema.org","@graph":[{"@type":"Article","@id":"https:\/\/www.skwigly.co.uk\/franck-dion\/#article","isPartOf":{"@id":"https:\/\/www.skwigly.co.uk\/franck-dion\/"},"author":{"name":"Ben Mitchell","@id":"https:\/\/www.skwigly.co.uk\/#\/schema\/person\/1e6e798460447114f19c1571ef3acb08"},"headline":"Interview with Franck Dion (&#8216;The Head Vanishes&#8217;)","datePublished":"2016-06-13T05:00:47+00:00","dateModified":"2016-06-20T08:16:47+00:00","mainEntityOfPage":{"@id":"https:\/\/www.skwigly.co.uk\/franck-dion\/"},"wordCount":1714,"commentCount":1,"publisher":{"@id":"https:\/\/www.skwigly.co.uk\/#organization"},"image":{"@id":"https:\/\/www.skwigly.co.uk\/franck-dion\/#primaryimage"},"thumbnailUrl":"https:\/\/www.skwigly.co.uk\/wp-content\/uploads\/2016\/06\/dionfeat.jpg","keywords":["Edmond Was A Donkey","Franck Dion","Jeremy Clapin","Monsieur Cok","Papy3D","Pierre Caillet","Sarah Van den Boom","The Head Vanishes","The Phantom Inventory"],"articleSection":["Featured","Interviews"],"inLanguage":"en-GB","potentialAction":[{"@type":"CommentAction","name":"Comment","target":["https:\/\/www.skwigly.co.uk\/franck-dion\/#respond"]}]},{"@type":"WebPage","@id":"https:\/\/www.skwigly.co.uk\/franck-dion\/","url":"https:\/\/www.skwigly.co.uk\/franck-dion\/","name":"Interview with Franck Dion ('The Head Vanishes') - Skwigly Animation Magazine","isPartOf":{"@id":"https:\/\/www.skwigly.co.uk\/#website"},"primaryImageOfPage":{"@id":"https:\/\/www.skwigly.co.uk\/franck-dion\/#primaryimage"},"image":{"@id":"https:\/\/www.skwigly.co.uk\/franck-dion\/#primaryimage"},"thumbnailUrl":"https:\/\/www.skwigly.co.uk\/wp-content\/uploads\/2016\/06\/dionfeat.jpg","datePublished":"2016-06-13T05:00:47+00:00","dateModified":"2016-06-20T08:16:47+00:00","description":"UPDATE: Franck Dion's The Head Vanishes recently won the Short Film Cristal at this year's Annecy International Festival of Animated Film! Following a","breadcrumb":{"@id":"https:\/\/www.skwigly.co.uk\/franck-dion\/#breadcrumb"},"inLanguage":"en-GB","potentialAction":[{"@type":"ReadAction","target":["https:\/\/www.skwigly.co.uk\/franck-dion\/"]}]},{"@type":"ImageObject","inLanguage":"en-GB","@id":"https:\/\/www.skwigly.co.uk\/franck-dion\/#primaryimage","url":"https:\/\/www.skwigly.co.uk\/wp-content\/uploads\/2016\/06\/dionfeat.jpg","contentUrl":"https:\/\/www.skwigly.co.uk\/wp-content\/uploads\/2016\/06\/dionfeat.jpg","width":1440,"height":810},{"@type":"BreadcrumbList","@id":"https:\/\/www.skwigly.co.uk\/franck-dion\/#breadcrumb","itemListElement":[{"@type":"ListItem","position":1,"name":"Home","item":"https:\/\/www.skwigly.co.uk\/"},{"@type":"ListItem","position":2,"name":"Interview with Franck Dion (&#8216;The Head Vanishes&#8217;)"}]},{"@type":"WebSite","@id":"https:\/\/www.skwigly.co.uk\/#website","url":"https:\/\/www.skwigly.co.uk\/","name":"Skwigly Animation Magazine","description":"Online Animation Magazine","publisher":{"@id":"https:\/\/www.skwigly.co.uk\/#organization"},"potentialAction":[{"@type":"SearchAction","target":{"@type":"EntryPoint","urlTemplate":"https:\/\/www.skwigly.co.uk\/?s={search_term_string}"},"query-input":{"@type":"PropertyValueSpecification","valueRequired":true,"valueName":"search_term_string"}}],"inLanguage":"en-GB"},{"@type":"Organization","@id":"https:\/\/www.skwigly.co.uk\/#organization","name":"Skwigly Animation Magazine","url":"https:\/\/www.skwigly.co.uk\/","logo":{"@type":"ImageObject","inLanguage":"en-GB","@id":"https:\/\/www.skwigly.co.uk\/#\/schema\/logo\/image\/","url":"https:\/\/www.skwigly.co.uk\/wp-content\/uploads\/2017\/06\/facebook-thumb-skwigly.jpg","contentUrl":"https:\/\/www.skwigly.co.uk\/wp-content\/uploads\/2017\/06\/facebook-thumb-skwigly.jpg","width":250,"height":250,"caption":"Skwigly Animation Magazine"},"image":{"@id":"https:\/\/www.skwigly.co.uk\/#\/schema\/logo\/image\/"},"sameAs":["https:\/\/www.facebook.com\/SkwiglyMagazine","https:\/\/x.com\/skwigly","https:\/\/www.instagram.com\/skwiglyanimation\/"]},{"@type":"Person","@id":"https:\/\/www.skwigly.co.uk\/#\/schema\/person\/1e6e798460447114f19c1571ef3acb08","name":"Ben Mitchell","image":{"@type":"ImageObject","inLanguage":"en-GB","@id":"https:\/\/www.skwigly.co.uk\/#\/schema\/person\/image\/","url":"https:\/\/www.skwigly.co.uk\/wp-content\/uploads\/2016\/06\/Ben-Mitchell_avatar_1466682328-96x96.jpg","contentUrl":"https:\/\/www.skwigly.co.uk\/wp-content\/uploads\/2016\/06\/Ben-Mitchell_avatar_1466682328-96x96.jpg","caption":"Ben Mitchell"},"description":"Ben Mitchell is an animator, motion designer, composer, award-winning independent filmmaker and writer\/researcher. As a freelancer he has produced work for WildBrain, CBeebies, Channel 4, Shy Guys, Plymptoons, Animortal, Wonky Films, A Productions, Slurpy Studios and Rumpus to name a few. As an independent director he has produced six multi-award-winning short animated films that have been showcased at over 200 international film and animation festivals including Clermont-Ferrand, BFI London Film Festival, ITFS Stuttgart, Encounters, London International Animation Festival, Pictoplasma, London Short Film Festival and Anima Mundi. Alongside his work in animation production he is an active writer and researcher on the industry through such avenues as the leading UK animation resource Skwigly, for which he is Editor in Chief, and his books 'Independent Animation: Developing, Producing and Distributing Your Animated Films' (2016, second edition published April 2023) and 'Intimate Animation' (2025, co-written with Dr. Laura-Beth Cowley). As an educator he has lectured and tutored at AUB Bournemouth, University of the West of England, University of Gloucestershire and UAL Central Saint Martins. He has also been actively involved in a variety of capacities spanning curation, programming, awards jurying, hosting and panel moderation for such international events as Animafest Zagreb, ITFS Stuttgart, Encounters Film Festival, the British Animation Awards, Manchester Animation Festival, Cardiff Animation Festival, Big Cartoon Festival and Dublin Animation Film Festival.","sameAs":["http:\/\/benmitchellblog.blogspot.com","https:\/\/www.facebook.com\/benmitchellcreative","https:\/\/www.instagram.com\/benlmitchell\/","https:\/\/x.com\/benlmitchell"],"url":"https:\/\/www.skwigly.co.uk\/author\/ben\/"}]}},"jetpack_publicize_connections":[],"jetpack_featured_media_url":"https:\/\/www.skwigly.co.uk\/wp-content\/uploads\/2016\/06\/dionfeat.jpg","jetpack_shortlink":"https:\/\/wp.me\/p1DH8N-6Ik","jetpack_sharing_enabled":true,"_links":{"self":[{"href":"https:\/\/www.skwigly.co.uk\/wp-json\/wp\/v2\/posts\/25812","targetHints":{"allow":["GET"]}}],"collection":[{"href":"https:\/\/www.skwigly.co.uk\/wp-json\/wp\/v2\/posts"}],"about":[{"href":"https:\/\/www.skwigly.co.uk\/wp-json\/wp\/v2\/types\/post"}],"author":[{"embeddable":true,"href":"https:\/\/www.skwigly.co.uk\/wp-json\/wp\/v2\/users\/114"}],"replies":[{"embeddable":true,"href":"https:\/\/www.skwigly.co.uk\/wp-json\/wp\/v2\/comments?post=25812"}],"version-history":[{"count":0,"href":"https:\/\/www.skwigly.co.uk\/wp-json\/wp\/v2\/posts\/25812\/revisions"}],"wp:featuredmedia":[{"embeddable":true,"href":"https:\/\/www.skwigly.co.uk\/wp-json\/wp\/v2\/media\/25902"}],"wp:attachment":[{"href":"https:\/\/www.skwigly.co.uk\/wp-json\/wp\/v2\/media?parent=25812"}],"wp:term":[{"taxonomy":"category","embeddable":true,"href":"https:\/\/www.skwigly.co.uk\/wp-json\/wp\/v2\/categories?post=25812"},{"taxonomy":"post_tag","embeddable":true,"href":"https:\/\/www.skwigly.co.uk\/wp-json\/wp\/v2\/tags?post=25812"}],"curies":[{"name":"wp","href":"https:\/\/api.w.org\/{rel}","templated":true}]}}